{"id":102456,"date":"2024-06-27T09:59:57","date_gmt":"2024-06-27T07:59:57","guid":{"rendered":"https:\/\/siter.fr\/?p=102456"},"modified":"2024-06-27T17:05:16","modified_gmt":"2024-06-27T15:05:16","slug":"bienvenue-au-pole-territorial-de-lalbigeois-et-des-bastides","status":"publish","type":"post","link":"https:\/\/siter.fr\/index.php\/2024\/06\/27\/bienvenue-au-pole-territorial-de-lalbigeois-et-des-bastides\/","title":{"rendered":"Bienvenue au P\u00f4le territorial de l&rsquo;Albigeois et des Bastides !"},"content":{"rendered":"<p><img decoding=\"async\" class=\"size-medium wp-image-102457 aligncenter\" src=\"http:\/\/siter.fr\/wp-content\/uploads\/2024\/06\/QPILOTE-ALBIGEOIS-300x300.png\" alt=\"\" width=\"300\" height=\"300\" srcset=\"https:\/\/siter.fr\/wp-content\/uploads\/2024\/06\/QPILOTE-ALBIGEOIS-300x300.png 300w, https:\/\/siter.fr\/wp-content\/uploads\/2024\/06\/QPILOTE-ALBIGEOIS-1024x1024.png 1024w, https:\/\/siter.fr\/wp-content\/uploads\/2024\/06\/QPILOTE-ALBIGEOIS-150x150.png 150w, https:\/\/siter.fr\/wp-content\/uploads\/2024\/06\/QPILOTE-ALBIGEOIS-768x768.png 768w, https:\/\/siter.fr\/wp-content\/uploads\/2024\/06\/QPILOTE-ALBIGEOIS-350x350.png 350w, https:\/\/siter.fr\/wp-content\/uploads\/2024\/06\/QPILOTE-ALBIGEOIS-348x348.png 348w, https:\/\/siter.fr\/wp-content\/uploads\/2024\/06\/QPILOTE-ALBIGEOIS.png 1200w\" sizes=\"(max-width: 300px) 100vw, 300px\" \/><\/p>\n<hr \/>\n<p><a href=\"https:\/\/www.linkedin.com\/company\/pole-territorial-de-l%27albigeois-et-des-bastides\/\">Le P\u00f4le<\/a> territorial de l\u2019Albigeois et des Bastides, dirig\u00e9 par <a href=\"https:\/\/www.linkedin.com\/in\/julien-frat-19788a224\/\">Julien FRAT<\/a>, int\u00e8gre QPILOTE de SITER pour am\u00e9liorer le pilotage et l\u2019\u00e9valuation des projets territoriaux. Ce territoire dynamique, compos\u00e9 de 100 communes et abritant une population de 59 481 habitants, utilise d\u00e9sormais cet outil de gestion pour suivre de mani\u00e8re rigoureuse les initiatives dans le cadre du Contrat de Relance et de Transition \u00c9cologique (CRTE 2021-2026). L&rsquo;adoption de QPILOTE permet une gestion optimis\u00e9e des projets, en facilitant le suivi financier, op\u00e9rationnel et \u00e9valuatif, assurant ainsi une transparence et une efficacit\u00e9 accrues.<\/p>\n<p><a href=\"https:\/\/www.linkedin.com\/company\/siter---systemes-d%27information-pour-les-territoires\/\">SITER<\/a>, sp\u00e9cialiste en solutions d\u00e9cisionnelles, apporte une expertise compl\u00e8te en accompagnant le d\u00e9ploiement de QPILOTE au sein du P\u00f4le Territorial de l&rsquo;Albigeois et des Bastides. Gr\u00e2ce \u00e0 une formation approfondie, un support technique continu et une maintenance proactive, les \u00e9quipes locales peuvent s\u00e9curiser et partager les donn\u00e9es efficacement. L\u2019int\u00e9gration de QPILOTE favorise un gain significatif en termes d\u2019organisation et de suivi des projets territoriaux, renfor\u00e7ant la capacit\u00e9 du P\u00f4le Territorial \u00e0 maximiser l\u2019impact de ses actions. Cette collaboration strat\u00e9gique entre SITER et le P\u00f4le Territorial de l&rsquo;Albigeois et des Bastides met en lumi\u00e8re l&rsquo;importance des outils de gestion performants pour le d\u00e9veloppement territorial et la r\u00e9ussite des initiatives locales.<\/p>\n<hr \/>\n<p>Pour plus d\u2019informations, n\u2019h\u00e9sitez pas \u00e0 consulter notre\u00a0<a href=\"https:\/\/www.linkedin.com\/company\/siter---systemes-d'information-pour-les-territoires\/posts\/?feedView=all\">compte LinkedIn<\/a>\u00a0!<\/p>\n<p><!--more--><\/p>\n<p>&nbsp;<\/p>\n","protected":false},"excerpt":{"rendered":"<p>Le P\u00f4le territorial de l\u2019Albigeois et des Bastides, dirig\u00e9 par Julien FRAT, int\u00e8gre QPILOTE de SITER pour am\u00e9liorer le pilotage [&hellip;]<\/p>\n","protected":false},"author":2,"featured_media":102459,"comment_status":"open","ping_status":"open","sticky":false,"template":"","format":"standard","meta":{"footnotes":""},"categories":[1],"tags":[],"class_list":["post-102456","post","type-post","status-publish","format-standard","has-post-thumbnail","hentry","category-non-classe"],"_links":{"self":[{"href":"https:\/\/siter.fr\/index.php\/wp-json\/wp\/v2\/posts\/102456","targetHints":{"allow":["GET"]}}],"collection":[{"href":"https:\/\/siter.fr\/index.php\/wp-json\/wp\/v2\/posts"}],"about":[{"href":"https:\/\/siter.fr\/index.php\/wp-json\/wp\/v2\/types\/post"}],"author":[{"embeddable":true,"href":"https:\/\/siter.fr\/index.php\/wp-json\/wp\/v2\/users\/2"}],"replies":[{"embeddable":true,"href":"https:\/\/siter.fr\/index.php\/wp-json\/wp\/v2\/comments?post=102456"}],"version-history":[{"count":5,"href":"https:\/\/siter.fr\/index.php\/wp-json\/wp\/v2\/posts\/102456\/revisions"}],"predecessor-version":[{"id":102493,"href":"https:\/\/siter.fr\/index.php\/wp-json\/wp\/v2\/posts\/102456\/revisions\/102493"}],"wp:featuredmedia":[{"embeddable":true,"href":"https:\/\/siter.fr\/index.php\/wp-json\/wp\/v2\/media\/102459"}],"wp:attachment":[{"href":"https:\/\/siter.fr\/index.php\/wp-json\/wp\/v2\/media?parent=102456"}],"wp:term":[{"taxonomy":"category","embeddable":true,"href":"https:\/\/siter.fr\/index.php\/wp-json\/wp\/v2\/categories?post=102456"},{"taxonomy":"post_tag","embeddable":true,"href":"https:\/\/siter.fr\/index.php\/wp-json\/wp\/v2\/tags?post=102456"}],"curies":[{"name":"wp","href":"https:\/\/api.w.org\/{rel}","templated":true}]}}